{"id":1094,"date":"2023-01-01T10:53:45","date_gmt":"2023-01-01T10:53:45","guid":{"rendered":"http:\/\/www.radim-stepanek.com\/?p=1094"},"modified":"2023-01-01T11:13:13","modified_gmt":"2023-01-01T11:13:13","slug":"layout","status":"publish","type":"post","link":"http:\/\/www.radim-stepanek.com\/?p=1094","title":{"rendered":"Layout koleji\u0161t\u011b k 1.1.2023"},"content":{"rendered":"\n<p>V p\u0159\u00edsp\u011bvc\u00edch ze dne 13.2.2021 a  20.2.2021 jsem popisoval budov\u00e1n\u00ed smy\u010dky Vizovice. Od doby zve\u0159ejn\u011bn\u00ed t\u011bchto p\u0159\u00edsp\u011bvk\u016f byla vytvo\u0159ena nov\u00e1 krajina a tak\u00e9 do\u0161lo na kompletn\u00ed p\u0159ebudov\u00e1n\u00ed elektroinstalace t\u00e9to \u010d\u00e1sti koleji\u0161t\u011b. O tvo\u0159en\u00ed krajiny vznikne samostatn\u00fd p\u0159\u00edsp\u011bvek. Dnes byl upraven layout \u0159\u00edd\u00edc\u00edho programu cel\u00e9ho koleji\u0161t\u011b. Jak m\u016f\u017eete vid\u011bt na obr\u00e1zku pod p\u0159\u00edsp\u011bvkem, do trati ze stanice Otrokovice sm\u011brem do stanice Vizovice byla vlo\u017eena nov\u00fd v\u00fdhybka. Z n\u00ed vedouc\u00ed tra\u0165 byla propojena s p\u016fvodn\u011b kusou kolej\u00ed ve stanici Vizovice. Na obr\u00e1zku layoutu je tento nov\u00fd \u00fasek vpravo od stanice Vizovice obsazen vozidlem a \u010derven\u011b podbarven. <\/p>\n\n\n\n<p><\/p>\n\n\n\n<p><\/p>\n\n\n\n<p><\/p>\n\n\n\n<p>  [nggallery id=88]<\/p>\n","protected":false},"excerpt":{"rendered":"<p>V p\u0159\u00edsp\u011bvc\u00edch ze dne 13.2.2021 a 20.2.2021 jsem popisoval budov\u00e1n\u00ed smy\u010dky Vizovice. Od doby zve\u0159ejn\u011bn\u00ed t\u011bchto p\u0159\u00edsp\u011bvk\u016f byla vytvo\u0159ena nov\u00e1 krajina a tak\u00e9 do\u0161lo na kompletn\u00ed p\u0159ebudov\u00e1n\u00ed elektroinstalace t\u00e9to \u010d\u00e1sti koleji\u0161t\u011b. O tvo\u0159en\u00ed krajiny vznikne samostatn\u00fd p\u0159\u00edsp\u011bvek. Dnes byl upraven &hellip; <a href=\"http:\/\/www.radim-stepanek.com\/?p=1094\">Continue reading <span class=\"meta-nav\">&rarr;<\/span><\/a><\/p>\n","protected":false},"author":2,"featured_media":0,"comment_status":"closed","ping_status":"closed","sticky":false,"template":"","format":"standard","meta":[],"categories":[1],"tags":[],"_links":{"self":[{"href":"http:\/\/www.radim-stepanek.com\/index.php?rest_route=\/wp\/v2\/posts\/1094"}],"collection":[{"href":"http:\/\/www.radim-stepanek.com\/index.php?rest_route=\/wp\/v2\/posts"}],"about":[{"href":"http:\/\/www.radim-stepanek.com\/index.php?rest_route=\/wp\/v2\/types\/post"}],"author":[{"embeddable":true,"href":"http:\/\/www.radim-stepanek.com\/index.php?rest_route=\/wp\/v2\/users\/2"}],"replies":[{"embeddable":true,"href":"http:\/\/www.radim-stepanek.com\/index.php?rest_route=%2Fwp%2Fv2%2Fcomments&post=1094"}],"version-history":[{"count":8,"href":"http:\/\/www.radim-stepanek.com\/index.php?rest_route=\/wp\/v2\/posts\/1094\/revisions"}],"predecessor-version":[{"id":1106,"href":"http:\/\/www.radim-stepanek.com\/index.php?rest_route=\/wp\/v2\/posts\/1094\/revisions\/1106"}],"wp:attachment":[{"href":"http:\/\/www.radim-stepanek.com\/index.php?rest_route=%2Fwp%2Fv2%2Fmedia&parent=1094"}],"wp:term":[{"taxonomy":"category","embeddable":true,"href":"http:\/\/www.radim-stepanek.com\/index.php?rest_route=%2Fwp%2Fv2%2Fcategories&post=1094"},{"taxonomy":"post_tag","embeddable":true,"href":"http:\/\/www.radim-stepanek.com\/index.php?rest_route=%2Fwp%2Fv2%2Ftags&post=1094"}],"curies":[{"name":"wp","href":"https:\/\/api.w.org\/{rel}","templated":true}]}}