{"id":14,"date":"2007-07-15T21:17:41","date_gmt":"2007-07-15T21:17:41","guid":{"rendered":""},"modified":"2007-07-30T07:21:30","modified_gmt":"2007-07-30T07:21:30","slug":"n\u00e1m\u011bt-koleji\u0161t\u011b","status":"publish","type":"post","link":"http:\/\/www.radim-stepanek.com\/?p=14","title":{"rendered":"N\u00e1m\u011bt koleji\u0161t\u011b"},"content":{"rendered":"<p>\n<span style=\"background-color: #edf5fa\"><\/span>\n<\/p>\n<p>\n<span style=\"background-color: #edf5fa\">Na t\u011bchto str\u00e1nk\u00e1ch V\u00e1m budu postupn\u011b prezentovat v\u00fdstavbu sv\u00e9ho dom\u00e1c\u00edho koleji\u0161t\u011b.Hlavn\u00edm motivem je provoz na dvojkolejn\u00e9 elektrifikovan\u00e9 trati,kter\u00e1 proch\u00e1z\u00ed stanic\u00ed Otrokovice.Z n\u00ed odbo\u010duje vedlej\u0161\u00ed jednokolejn\u00e1 tra\u0165 do koncov\u00e9 stanice Vizovice. Koleji\u0161t\u011b je ve velikosti HO,rozm\u011br panelu je cca 7 * 2,5 m.Pod stanic\u00ed Otrokovice se bude nach\u00e1zet skryt\u00e9,odstavn\u00e9 n\u00e1dra\u017e\u00ed.Ovl\u00e1d\u00e1n\u00ed koleji\u0161t\u011b bude digit\u00e1ln\u00edm syst\u00e9mem,napojeno na PC<\/span><\/p>\n","protected":false},"excerpt":{"rendered":"<p>\n<span style=\"background-color: #edf5fa\"><\/span>\n<\/p>\n<p>\n<span style=\"background-color: #edf5fa\">Na t\u011bchto str\u00e1nk\u00e1ch V\u00e1m budu postupn\u011b prezentovat v\u00fdstavbu sv\u00e9ho dom\u00e1c\u00edho koleji\u0161t\u011b.Hlavn\u00edm motivem je provoz na dvojkolejn\u00e9 elektrifikovan\u00e9 trati,kter\u00e1 proch\u00e1z\u00ed stanic\u00ed Otrokovice.Z n\u00ed odbo\u010duje vedlej\u0161\u00ed jednokolejn\u00e1 tra\u0165 do koncov\u00e9 stanice Vizovice. Koleji\u0161t\u011b je ve velikosti HO,rozm\u011br panelu je cca 7 * 2,5 m.Pod stanic\u00ed Otrokovice se bude nach\u00e1zet skryt\u00e9,odstavn\u00e9 n\u00e1dra\u017e\u00ed.Ovl\u00e1d\u00e1n\u00ed koleji\u0161t\u011b bude digit\u00e1ln\u00edm syst\u00e9mem,napojeno na PC<\/span>\n<\/p>\n<p> <a href=\"http:\/\/www.radim-stepanek.com\/?p=14\">Continue reading <span class=\"meta-nav\">&rarr;<\/span><\/a><\/p>\n","protected":false},"author":0,"featured_media":0,"comment_status":"open","ping_status":"open","sticky":false,"template":"","format":"standard","meta":[],"categories":[],"tags":[],"_links":{"self":[{"href":"http:\/\/www.radim-stepanek.com\/index.php?rest_route=\/wp\/v2\/posts\/14"}],"collection":[{"href":"http:\/\/www.radim-stepanek.com\/index.php?rest_route=\/wp\/v2\/posts"}],"about":[{"href":"http:\/\/www.radim-stepanek.com\/index.php?rest_route=\/wp\/v2\/types\/post"}],"replies":[{"embeddable":true,"href":"http:\/\/www.radim-stepanek.com\/index.php?rest_route=%2Fwp%2Fv2%2Fcomments&post=14"}],"version-history":[{"count":0,"href":"http:\/\/www.radim-stepanek.com\/index.php?rest_route=\/wp\/v2\/posts\/14\/revisions"}],"wp:attachment":[{"href":"http:\/\/www.radim-stepanek.com\/index.php?rest_route=%2Fwp%2Fv2%2Fmedia&parent=14"}],"wp:term":[{"taxonomy":"category","embeddable":true,"href":"http:\/\/www.radim-stepanek.com\/index.php?rest_route=%2Fwp%2Fv2%2Fcategories&post=14"},{"taxonomy":"post_tag","embeddable":true,"href":"http:\/\/www.radim-stepanek.com\/index.php?rest_route=%2Fwp%2Fv2%2Ftags&post=14"}],"curies":[{"name":"wp","href":"https:\/\/api.w.org\/{rel}","templated":true}]}}