{"id":149,"date":"2010-05-27T20:41:40","date_gmt":"2010-05-27T20:41:40","guid":{"rendered":""},"modified":"2012-05-04T18:01:50","modified_gmt":"2012-05-04T18:01:50","slug":"most-nad-rekou","status":"publish","type":"post","link":"http:\/\/www.radim-stepanek.com\/?p=149","title":{"rendered":"Most nad \u0159ekou"},"content":{"rendered":"<p>[nggallery id=46]Za\u010dal jsem s v\u00fdrobou mostu nad \u0159ekou.<\/p>\n<p>Hlavn\u00edm stavebn\u00edm materi\u00e1lem byli plastov\u00e9 \u00a0I profily o v\u00fd\u0161ce 10 mm, balza a na pil\u00ed\u0159e jsem pou\u017eil plastov\u00e9 desky od NOCHa<\/p>\n<p>Nejd\u0159\u00edv jsem vyrobil vnit\u0159n\u00ed p\u0159\u00ed\u010dn\u00edky I nosn\u00edk\u016f, d\u00e1le pak ze 2 ks balzy \u0159\u00edmsy a ty pak spojil s I profilem. N\u00e1sledovala povrchov\u00e1 \u00faprava a pak osazen\u00ed na p\u0159ekli\u017eku, kter\u00e1 tvo\u0159\u00ed nosnou \u010d\u00e1st mostu.<\/p>\n<p>Potom p\u0159i\u0161li na \u0159adu pil\u00ed\u0159e, jejich betonov\u00e9 zhlav\u00ed pod mostem, op\u011bt n\u00e1t\u011br a mont\u00e1\u017e.<\/p>\n<p>Na fotografi\u00edch je vid\u011bt postup v\u00fdroby. N\u011bkdy p\u0159\u00ed\u0161t\u011b budu pokra\u010dovat ve v\u00fdrob\u011b a osazov\u00e1n\u00ed vnit\u0159n\u00edch I profil\u016f pod celou \u0161\u00ed\u0159kou mostu, vyrob\u00edm a osad\u00edm lo\u017eiska pod nosn\u00edky mostu a pak v\u0161e m\u00edrn\u011b napatinuji.<\/p>\n<p>&nbsp;<\/p>\n","protected":false},"excerpt":{"rendered":"<p>Za\u010dal jsem s v\u00fdrobou mostu nad \u0159ekou.<\/p>\n<p>Hlavn\u00edm stavebn\u00edm materi\u00e1lem byli plastov\u00e9 \u00a0I profily o v\u00fd\u0161ce 10 mm, balza a na pil\u00ed\u0159e jsem pou\u017eil plastov\u00e9 desky od NOCHa<\/p>\n<p>Nejd\u0159\u00edv jsem vyrobil vnit\u0159n\u00ed p\u0159\u00ed\u010dn\u00edky I nosn\u00edk\u016f, d\u00e1le pak ze 2 ks balzy \u0159\u00edmsy a ty pak spojil s I profilem. N\u00e1sledovala povrchov\u00e1 \u00faprava a pak osazen\u00ed na p\u0159ekli\u017eku, kter\u00e1 tvo\u0159\u00ed nosnou \u010d\u00e1st mostu.<\/p>\n<p>Potom p\u0159i\u0161li na \u0159adu pil\u00ed\u0159e, jejich betonov\u00e9 zhlav\u00ed pod mostem, op\u011bt n\u00e1t\u011br a mont\u00e1\u017e.<\/p>\n<p> <a href=\"http:\/\/www.radim-stepanek.com\/?p=149\">Continue reading <span class=\"meta-nav\">&rarr;<\/span><\/a><\/p>\n","protected":false},"author":1,"featured_media":0,"comment_status":"open","ping_status":"open","sticky":false,"template":"","format":"standard","meta":[],"categories":[1],"tags":[],"_links":{"self":[{"href":"http:\/\/www.radim-stepanek.com\/index.php?rest_route=\/wp\/v2\/posts\/149"}],"collection":[{"href":"http:\/\/www.radim-stepanek.com\/index.php?rest_route=\/wp\/v2\/posts"}],"about":[{"href":"http:\/\/www.radim-stepanek.com\/index.php?rest_route=\/wp\/v2\/types\/post"}],"author":[{"embeddable":true,"href":"http:\/\/www.radim-stepanek.com\/index.php?rest_route=\/wp\/v2\/users\/1"}],"replies":[{"embeddable":true,"href":"http:\/\/www.radim-stepanek.com\/index.php?rest_route=%2Fwp%2Fv2%2Fcomments&post=149"}],"version-history":[{"count":1,"href":"http:\/\/www.radim-stepanek.com\/index.php?rest_route=\/wp\/v2\/posts\/149\/revisions"}],"predecessor-version":[{"id":193,"href":"http:\/\/www.radim-stepanek.com\/index.php?rest_route=\/wp\/v2\/posts\/149\/revisions\/193"}],"wp:attachment":[{"href":"http:\/\/www.radim-stepanek.com\/index.php?rest_route=%2Fwp%2Fv2%2Fmedia&parent=149"}],"wp:term":[{"taxonomy":"category","embeddable":true,"href":"http:\/\/www.radim-stepanek.com\/index.php?rest_route=%2Fwp%2Fv2%2Fcategories&post=149"},{"taxonomy":"post_tag","embeddable":true,"href":"http:\/\/www.radim-stepanek.com\/index.php?rest_route=%2Fwp%2Fv2%2Ftags&post=149"}],"curies":[{"name":"wp","href":"https:\/\/api.w.org\/{rel}","templated":true}]}}