{"id":155,"date":"2011-02-12T09:30:03","date_gmt":"2011-02-12T09:30:03","guid":{"rendered":""},"modified":"2012-05-04T17:58:23","modified_gmt":"2012-05-04T17:58:23","slug":"aktualizace-2-2011","status":"publish","type":"post","link":"http:\/\/www.radim-stepanek.com\/?p=155","title":{"rendered":"Aktualizace 2.2011"},"content":{"rendered":"<p>[nggallery id=40]Od minul\u00e9 aktualizace jsem pokro\u010dil v\u00a0tvorb\u011b krajiny.<\/p>\n<p>Hlavn\u011b do\u0161lo na dokon\u010den\u00ed cesty v\u00a0lev\u00e9 st\u0159edn\u00ed \u010d\u00e1sti koleji\u0161t\u011b na m\u00edst\u011b, kde bude st\u00e1t benzinov\u00e1 stanice. Kamen\u00edci postavili op\u011brnou st\u011bnu za budovou n\u00e1dra\u017e\u00ed v\u00a0Otrokovic\u00edch. Tato st\u011bna kop\u00edruje klesaj\u00edc\u00ed\u00a0 silnici od budouc\u00edho mostu p\u0159es \u00a0tra\u0165 ke st\u0159edn\u00ed \u010d\u00e1sti koleji\u0161t\u011b.<\/p>\n<p>Zde do\u0161lo k\u00a0odst\u0159elu a odt\u011b\u017een\u00ed kopce i s\u00a0podjezdem a kamennou st\u011bnou. Ter\u00e9n tu uprav\u00edm jinak, p\u016fvodn\u00ed proveden\u00ed se mi p\u0159estalo l\u00edbit J.<\/p>\n<p>Tak\u00e9 do\u0161lo na zah\u00e1jen\u00ed stavby v\u00fdpravn\u00ed budovy stanice Otrokovice. Stav\u00edm ji z\u00a0n\u011bkolika stavebnic\u00a0 n\u00e1dra\u017e\u00ed Auhagen. Stavebnice jsem \u010d\u00e1ste\u010dn\u011b upravil, n\u011bkter\u00e9 \u010d\u00e1sti od\u0159\u00edzl a r\u016fznou kombinac\u00ed dos\u00e1hl p\u0159ibli\u017en\u00e9ho tvaru skute\u010dn\u00e9 stavby . Budova \u00a0u\u017e m\u00e1 proveden n\u00e1st\u0159ik do sv\u011btle \u017elut\u00e9ho odst\u00ednu.\u00a0 Na fotk\u00e1ch je vid\u011bt i hrub\u00e1 stavba vedlej\u0161\u00ed ho objektu, ten dostane sv\u011btle zelenou fas\u00e1du. St\u0159echy budou tak\u00e9 upraven\u00e9, dostanou \u010dervenou ta\u0161kovou krytinu od Nocha.<\/p>\n<p>Tak\u00e9 do\u0161lo na kostel\u00edk, kter\u00fd bude st\u00e1t na kopci kousek od n\u00e1dra\u017e\u00ed Vizovice. P\u016fvodn\u00ed stavebnice Auhagen byla p\u0159est\u0159\u00edk\u00e1na\u00a0 do jin\u00e9ho odst\u00ednu, p\u0159elakoval jsem i okna a jejich r\u00e1my. Uvnit\u0159 budovy bude instalov\u00e1no osv\u011btlen\u00ed z\u00a0b\u00edle a \u017elut\u011b sv\u00edt\u00edc\u00edch LED diod.<\/p>\n<p>P\u00e1r nov\u00fdch fotografi\u00ed naleznete v\u00a0galerii<\/p>\n","protected":false},"excerpt":{"rendered":"<p>Od minul\u00e9 aktualizace jsem pokro\u010dil v\u00a0tvorb\u011b krajiny.<\/p>\n<p>Hlavn\u011b do\u0161lo na dokon\u010den\u00ed cesty v\u00a0lev\u00e9 st\u0159edn\u00ed \u010d\u00e1sti koleji\u0161t\u011b na m\u00edst\u011b, kde bude st\u00e1t benzinov\u00e1 stanice. Kamen\u00edci postavili op\u011brnou st\u011bnu za budovou n\u00e1dra\u017e\u00ed v\u00a0Otrokovic\u00edch. Tato st\u011bna kop\u00edruje klesaj\u00edc\u00ed\u00a0 silnici od budouc\u00edho mostu p\u0159es \u00a0tra\u0165 ke st\u0159edn\u00ed \u010d\u00e1sti koleji\u0161t\u011b.<\/p>\n<p>Zde do\u0161lo k\u00a0odst\u0159elu a odt\u011b\u017een\u00ed kopce i s\u00a0podjezdem a kamennou st\u011bnou. Ter\u00e9n tu uprav\u00edm jinak, p\u016fvodn\u00ed proveden\u00ed se mi p\u0159estalo l\u00edbit J. \u00a0<\/p>\n<p> <a href=\"http:\/\/www.radim-stepanek.com\/?p=155\">Continue reading <span class=\"meta-nav\">&rarr;<\/span><\/a><\/p>\n","protected":false},"author":1,"featured_media":0,"comment_status":"open","ping_status":"open","sticky":false,"template":"","format":"standard","meta":[],"categories":[1],"tags":[],"_links":{"self":[{"href":"http:\/\/www.radim-stepanek.com\/index.php?rest_route=\/wp\/v2\/posts\/155"}],"collection":[{"href":"http:\/\/www.radim-stepanek.com\/index.php?rest_route=\/wp\/v2\/posts"}],"about":[{"href":"http:\/\/www.radim-stepanek.com\/index.php?rest_route=\/wp\/v2\/types\/post"}],"author":[{"embeddable":true,"href":"http:\/\/www.radim-stepanek.com\/index.php?rest_route=\/wp\/v2\/users\/1"}],"replies":[{"embeddable":true,"href":"http:\/\/www.radim-stepanek.com\/index.php?rest_route=%2Fwp%2Fv2%2Fcomments&post=155"}],"version-history":[{"count":1,"href":"http:\/\/www.radim-stepanek.com\/index.php?rest_route=\/wp\/v2\/posts\/155\/revisions"}],"predecessor-version":[{"id":187,"href":"http:\/\/www.radim-stepanek.com\/index.php?rest_route=\/wp\/v2\/posts\/155\/revisions\/187"}],"wp:attachment":[{"href":"http:\/\/www.radim-stepanek.com\/index.php?rest_route=%2Fwp%2Fv2%2Fmedia&parent=155"}],"wp:term":[{"taxonomy":"category","embeddable":true,"href":"http:\/\/www.radim-stepanek.com\/index.php?rest_route=%2Fwp%2Fv2%2Fcategories&post=155"},{"taxonomy":"post_tag","embeddable":true,"href":"http:\/\/www.radim-stepanek.com\/index.php?rest_route=%2Fwp%2Fv2%2Ftags&post=155"}],"curies":[{"name":"wp","href":"https:\/\/api.w.org\/{rel}","templated":true}]}}