{"id":19,"date":"2007-08-04T22:20:03","date_gmt":"2007-08-04T22:20:03","guid":{"rendered":""},"modified":"2007-08-04T22:20:03","modified_gmt":"2007-08-04T22:20:03","slug":"stavba-vedlej\u0161\u00ed-trati","status":"publish","type":"post","link":"http:\/\/www.radim-stepanek.com\/?p=19","title":{"rendered":"Stavba vedlej\u0161\u00ed trati"},"content":{"rendered":"<p>\nP\u0159idal jsem dal\u0161\u00ed sadu fotografi\u00ed. Zachycuj\u00ed v\u00fdstavbu podlo\u017e\u00ed\u00a0vedlej\u0161\u00ed trati a koncov\u00e9ho n\u00e1dra\u017e\u00ed. Za p\u0159edlohu n\u00e1dra\u017e\u00ed jsem si vybral stanici Vizovice. Schema stanice jsem dodr\u017eel p\u0159esn\u011b podle re\u00e1lu. Na \u00a0fotk\u00e1ch, kter\u00e9 jsem\u00a0zat\u00edm\u00a0zve\u0159ejnil je\u00a0veden\u00ed trati v \u00faseku od k\u0159\u00ed\u017een\u00ed s hlavn\u00ed trat\u00ed po\u00a0stanici\u00a0Vizovice ve star\u00e9 a nyn\u00ed ji\u017e neplatn\u00e9 poloze. V dal\u0161\u00edm albu p\u0159edstav\u00edm pokl\u00e1dku kolejiva lok\u00e1lky a Vizovic a tak\u00e9 zm\u011bnu polohy jak jsem ji\u017e psal v\u00fd\u0161e.\n<\/p>\n<p>\nRadim<\/p>\n","protected":false},"excerpt":{"rendered":"<p>\nP\u0159idal jsem dal\u0161\u00ed sadu fotografi\u00ed. Zachycuj\u00ed v\u00fdstavbu podlo\u017e\u00ed\u00a0vedlej\u0161\u00ed trati a koncov\u00e9ho n\u00e1dra\u017e\u00ed. Za p\u0159edlohu n\u00e1dra\u017e\u00ed jsem si vybral stanici Vizovice. Schema stanice jsem dodr\u017eel p\u0159esn\u011b podle re\u00e1lu. Na \u00a0fotk\u00e1ch, kter\u00e9 jsem\u00a0zat\u00edm\u00a0zve\u0159ejnil je\u00a0veden\u00ed trati v \u00faseku od k\u0159\u00ed\u017een\u00ed s hlavn\u00ed trat\u00ed po\u00a0stanici\u00a0Vizovice ve star\u00e9 a nyn\u00ed ji\u017e neplatn\u00e9 poloze. V dal\u0161\u00edm albu p\u0159edstav\u00edm pokl\u00e1dku kolejiva lok\u00e1lky a Vizovic a tak\u00e9 zm\u011bnu polohy jak jsem ji\u017e psal v\u00fd\u0161e.\n<\/p>\n<p>\nRadim\n<\/p>\n<p> <a href=\"http:\/\/www.radim-stepanek.com\/?p=19\">Continue reading <span class=\"meta-nav\">&rarr;<\/span><\/a><\/p>\n","protected":false},"author":0,"featured_media":0,"comment_status":"open","ping_status":"open","sticky":false,"template":"","format":"standard","meta":[],"categories":[],"tags":[],"_links":{"self":[{"href":"http:\/\/www.radim-stepanek.com\/index.php?rest_route=\/wp\/v2\/posts\/19"}],"collection":[{"href":"http:\/\/www.radim-stepanek.com\/index.php?rest_route=\/wp\/v2\/posts"}],"about":[{"href":"http:\/\/www.radim-stepanek.com\/index.php?rest_route=\/wp\/v2\/types\/post"}],"replies":[{"embeddable":true,"href":"http:\/\/www.radim-stepanek.com\/index.php?rest_route=%2Fwp%2Fv2%2Fcomments&post=19"}],"version-history":[{"count":0,"href":"http:\/\/www.radim-stepanek.com\/index.php?rest_route=\/wp\/v2\/posts\/19\/revisions"}],"wp:attachment":[{"href":"http:\/\/www.radim-stepanek.com\/index.php?rest_route=%2Fwp%2Fv2%2Fmedia&parent=19"}],"wp:term":[{"taxonomy":"category","embeddable":true,"href":"http:\/\/www.radim-stepanek.com\/index.php?rest_route=%2Fwp%2Fv2%2Fcategories&post=19"},{"taxonomy":"post_tag","embeddable":true,"href":"http:\/\/www.radim-stepanek.com\/index.php?rest_route=%2Fwp%2Fv2%2Ftags&post=19"}],"curies":[{"name":"wp","href":"https:\/\/api.w.org\/{rel}","templated":true}]}}