{"id":227,"date":"2012-06-03T09:04:57","date_gmt":"2012-06-03T09:04:57","guid":{"rendered":"http:\/\/www.radim-stepanek.com\/?p=227"},"modified":"2012-06-04T17:09:19","modified_gmt":"2012-06-04T17:09:19","slug":"novinky-cerven-2012","status":"publish","type":"post","link":"http:\/\/www.radim-stepanek.com\/?p=227","title":{"rendered":"Novinky \u010derven 2012"},"content":{"rendered":"<p>Op\u011bt jsem trochu postoupil s pokl\u00e1dkou foli\u00e1\u017e\u00ed a tak\u00e9 do\u0161lo na za\u0161t\u011brkov\u00e1n\u00ed prav\u00e9ho zhlav\u00ed ve stanici Otrokovice.<\/p>\n<p>Fin\u00e1ln\u00ed \u00fapravy lesn\u00edch a poln\u00edch cest, drnov\u00e1n\u00ed a &#8220;ozelen\u011bn\u00ed&#8221; skal bude n\u00e1sledovat, a\u017e polo\u017e\u00edm folie na cel\u00e9m koleji\u0161ti.<\/p>\n<p>[nggallery id=52]<\/p>\n<p>&nbsp;<\/p>\n<p>&nbsp;<\/p>\n","protected":false},"excerpt":{"rendered":"<p>Op\u011bt jsem trochu postoupil s pokl\u00e1dkou foli\u00e1\u017e\u00ed a tak\u00e9 do\u0161lo na za\u0161t\u011brkov\u00e1n\u00ed prav\u00e9ho zhlav\u00ed ve stanici Otrokovice. Fin\u00e1ln\u00ed \u00fapravy lesn\u00edch a poln\u00edch cest, drnov\u00e1n\u00ed a &#8220;ozelen\u011bn\u00ed&#8221; skal bude n\u00e1sledovat, a\u017e polo\u017e\u00edm folie na cel\u00e9m koleji\u0161ti. [nggallery id=52] &nbsp; &nbsp;<\/p>\n","protected":false},"author":1,"featured_media":0,"comment_status":"open","ping_status":"open","sticky":false,"template":"","format":"standard","meta":[],"categories":[1],"tags":[],"_links":{"self":[{"href":"http:\/\/www.radim-stepanek.com\/index.php?rest_route=\/wp\/v2\/posts\/227"}],"collection":[{"href":"http:\/\/www.radim-stepanek.com\/index.php?rest_route=\/wp\/v2\/posts"}],"about":[{"href":"http:\/\/www.radim-stepanek.com\/index.php?rest_route=\/wp\/v2\/types\/post"}],"author":[{"embeddable":true,"href":"http:\/\/www.radim-stepanek.com\/index.php?rest_route=\/wp\/v2\/users\/1"}],"replies":[{"embeddable":true,"href":"http:\/\/www.radim-stepanek.com\/index.php?rest_route=%2Fwp%2Fv2%2Fcomments&post=227"}],"version-history":[{"count":7,"href":"http:\/\/www.radim-stepanek.com\/index.php?rest_route=\/wp\/v2\/posts\/227\/revisions"}],"predecessor-version":[{"id":230,"href":"http:\/\/www.radim-stepanek.com\/index.php?rest_route=\/wp\/v2\/posts\/227\/revisions\/230"}],"wp:attachment":[{"href":"http:\/\/www.radim-stepanek.com\/index.php?rest_route=%2Fwp%2Fv2%2Fmedia&parent=227"}],"wp:term":[{"taxonomy":"category","embeddable":true,"href":"http:\/\/www.radim-stepanek.com\/index.php?rest_route=%2Fwp%2Fv2%2Fcategories&post=227"},{"taxonomy":"post_tag","embeddable":true,"href":"http:\/\/www.radim-stepanek.com\/index.php?rest_route=%2Fwp%2Fv2%2Ftags&post=227"}],"curies":[{"name":"wp","href":"https:\/\/api.w.org\/{rel}","templated":true}]}}