{"id":31,"date":"2007-12-29T20:52:47","date_gmt":"2007-12-29T20:52:47","guid":{"rendered":""},"modified":"2013-02-17T08:09:44","modified_gmt":"2013-02-17T08:09:44","slug":"aktuality-ze-stavby-1207","status":"publish","type":"post","link":"http:\/\/www.radim-stepanek.com\/?p=31","title":{"rendered":"Aktuality ze stavby 12\/07"},"content":{"rendered":"<p>Pr\u00e1ce na koleji\u0161ti m\u00edrn\u011b pokro\u010dili a tak v\u00e1m pop\u00ed\u0161i co je nov\u00e9ho.<\/p>\n<p>Zva\u017eoval jsem co provedu s podobou kolejov\u00e9ho lo\u017ee ve viditeln\u00fdch \u010d\u00e1stech koleji\u0161t\u011b.\u00a0Koleje m\u00e1m polo\u017een\u00e9 p\u0159\u00edmo\u00a0na p\u0159ekli\u017ece. P\u0159ekli\u017eku jsem tehdy\u00a0\u0159ezal na p\u00e1sy o \u0161\u00ed\u0159ce 18 cm pro dvojkolejku a 9 cm pro jednokolejku. Tato podoba se mi v\u0161ak moc nel\u00edbila. Ne\u0161lo by prov\u00e9st odvod\u0148ovac\u00ed \u017elaby pod\u00e9l\u00a0kolej\u00ed\u00a0a t\u011b\u017eko by se mi d\u011blaly propustky pod svr\u0161kem.\u00a0\u00a0Nakonec jsem se rozhodl pro\u00a0radik\u00e1ln\u00ed zm\u011bnu.\u00a0P\u0159ekli\u017eku jsem\u00a04 mm za koncem pra\u017ec\u016f se\u0159\u00edzl p\u0159\u00edmo\u010darou pilou pod \u00fahlem cca 30 stup\u0148\u016f.\u00a0Na \u010d\u00e1sti koleji\u0161t\u011b jsem kv\u016fli tomu zdemontoval koleje a pak provedl \u0159ez. Pak jsem zkusil p\u0159\u00edmo\u010darkou jet p\u0159\u00edmo\u00a0po koleji, \u0161lo\u00a0to v pohod\u011b a tak jsem zbytek\u00a0provedl bez demont\u00e1\u017ee kolej\u00ed. Mysl\u00edm,\u017ee po za\u0161t\u011brkov\u00e1n\u00ed bude\u00a0v\u00fdsledek perfektn\u00ed \ud83d\ude42\u00a0Pak jsem zdemontovan\u00e9 koleje polo\u017eil znovu. V oblouku za lev\u00fdm zhlav\u00edm jsem zkusmo provedl p\u0159ev\u00fd\u0161en\u00ed vn\u011bj\u0161\u00ed kolejnice. Na\u0159ezal jsem si plastov\u00e9\u00a0p\u00e1sky tl.1 mm a p\u0159ilepil je na vn\u011bj\u0161\u00ed kolejnici.\u00a0\u00a0Uvid\u00edm jak se\u00a0na tom p\u0159ev\u00fd\u0161en\u00ed\u00a0budou chovat dlouh\u00e9 vlaky. Taky jsem nazna\u010dil p\u0159echodnice z p\u0159\u00edm\u00e9\u00a0koleje do oblouku.<\/p>\n<p>D\u00e1le jsem postavil jeden tunelov\u00fd port\u00e1l v\u010detn\u011b op\u011brn\u00fdch st\u011bn.\u00a0Pak jsem se pustil do stavby mostu na jednokolejn\u00e9 trati, kter\u00fd bude v m\u00edst\u011b k\u0159\u00ed\u017een\u00ed s dvojkolejkou. Vybral jsem\u00a0stavebnici\u00a0 ocelov\u00e9ho mostu od Kibri. U\u017e jej m\u00e1m t\u00e9m\u011b\u0159 slepen\u00fd \ud83d\ude42<\/p>\n<p>V\u0161echny popsan\u00e9 zm\u011bny m\u016f\u017eete vid\u011bt ve fotogalerii pod stejn\u00fdm n\u00e1zvem jako m\u00e1 tento \u010dl\u00e1nek.<\/p>\n<p>zat\u00edm<\/p>\n<p>Radim<\/p>\n<p>[nggallery id=14]<\/p>\n","protected":false},"excerpt":{"rendered":"<p>\n\u00a0Pr\u00e1ce na koleji\u0161ti m\u00edrn\u011b pokro\u010dili a tak v\u00e1m pop\u00ed\u0161i co je nov\u00e9ho.\n<\/p>\n<p> <a href=\"http:\/\/www.radim-stepanek.com\/?p=31\">Continue reading <span class=\"meta-nav\">&rarr;<\/span><\/a><\/p>\n","protected":false},"author":1,"featured_media":0,"comment_status":"open","ping_status":"open","sticky":false,"template":"","format":"standard","meta":[],"categories":[1],"tags":[],"_links":{"self":[{"href":"http:\/\/www.radim-stepanek.com\/index.php?rest_route=\/wp\/v2\/posts\/31"}],"collection":[{"href":"http:\/\/www.radim-stepanek.com\/index.php?rest_route=\/wp\/v2\/posts"}],"about":[{"href":"http:\/\/www.radim-stepanek.com\/index.php?rest_route=\/wp\/v2\/types\/post"}],"author":[{"embeddable":true,"href":"http:\/\/www.radim-stepanek.com\/index.php?rest_route=\/wp\/v2\/users\/1"}],"replies":[{"embeddable":true,"href":"http:\/\/www.radim-stepanek.com\/index.php?rest_route=%2Fwp%2Fv2%2Fcomments&post=31"}],"version-history":[{"count":1,"href":"http:\/\/www.radim-stepanek.com\/index.php?rest_route=\/wp\/v2\/posts\/31\/revisions"}],"predecessor-version":[{"id":280,"href":"http:\/\/www.radim-stepanek.com\/index.php?rest_route=\/wp\/v2\/posts\/31\/revisions\/280"}],"wp:attachment":[{"href":"http:\/\/www.radim-stepanek.com\/index.php?rest_route=%2Fwp%2Fv2%2Fmedia&parent=31"}],"wp:term":[{"taxonomy":"category","embeddable":true,"href":"http:\/\/www.radim-stepanek.com\/index.php?rest_route=%2Fwp%2Fv2%2Fcategories&post=31"},{"taxonomy":"post_tag","embeddable":true,"href":"http:\/\/www.radim-stepanek.com\/index.php?rest_route=%2Fwp%2Fv2%2Ftags&post=31"}],"curies":[{"name":"wp","href":"https:\/\/api.w.org\/{rel}","templated":true}]}}