{"id":323,"date":"2013-09-14T05:05:04","date_gmt":"2013-09-14T05:05:04","guid":{"rendered":"http:\/\/www.radim-stepanek.com\/?p=323"},"modified":"2013-09-14T05:11:49","modified_gmt":"2013-09-14T05:11:49","slug":"podzimni-projizdka","status":"publish","type":"post","link":"http:\/\/www.radim-stepanek.com\/?p=323","title":{"rendered":"Podzimn\u00ed proj\u00ed\u017e\u010fka"},"content":{"rendered":"<p>Po del\u0161\u00ed dob\u011b byl na koleji\u0161ti zaznamen\u00e1n provoz \u00a0vlakov\u00e9 soupravy. V galerii je p\u00e1r fotek.<\/p>\n<p>[nggallery id=57]<\/p>\n<p>&nbsp;<\/p>\n","protected":false},"excerpt":{"rendered":"<p>Po del\u0161\u00ed dob\u011b byl na koleji\u0161ti zaznamen\u00e1n provoz \u00a0vlakov\u00e9 soupravy. V galerii je p\u00e1r fotek. [nggallery id=57] &nbsp;<\/p>\n","protected":false},"author":1,"featured_media":0,"comment_status":"open","ping_status":"open","sticky":false,"template":"","format":"standard","meta":[],"categories":[1],"tags":[],"_links":{"self":[{"href":"http:\/\/www.radim-stepanek.com\/index.php?rest_route=\/wp\/v2\/posts\/323"}],"collection":[{"href":"http:\/\/www.radim-stepanek.com\/index.php?rest_route=\/wp\/v2\/posts"}],"about":[{"href":"http:\/\/www.radim-stepanek.com\/index.php?rest_route=\/wp\/v2\/types\/post"}],"author":[{"embeddable":true,"href":"http:\/\/www.radim-stepanek.com\/index.php?rest_route=\/wp\/v2\/users\/1"}],"replies":[{"embeddable":true,"href":"http:\/\/www.radim-stepanek.com\/index.php?rest_route=%2Fwp%2Fv2%2Fcomments&post=323"}],"version-history":[{"count":4,"href":"http:\/\/www.radim-stepanek.com\/index.php?rest_route=\/wp\/v2\/posts\/323\/revisions"}],"predecessor-version":[{"id":328,"href":"http:\/\/www.radim-stepanek.com\/index.php?rest_route=\/wp\/v2\/posts\/323\/revisions\/328"}],"wp:attachment":[{"href":"http:\/\/www.radim-stepanek.com\/index.php?rest_route=%2Fwp%2Fv2%2Fmedia&parent=323"}],"wp:term":[{"taxonomy":"category","embeddable":true,"href":"http:\/\/www.radim-stepanek.com\/index.php?rest_route=%2Fwp%2Fv2%2Fcategories&post=323"},{"taxonomy":"post_tag","embeddable":true,"href":"http:\/\/www.radim-stepanek.com\/index.php?rest_route=%2Fwp%2Fv2%2Ftags&post=323"}],"curies":[{"name":"wp","href":"https:\/\/api.w.org\/{rel}","templated":true}]}}