{"id":347,"date":"2014-04-13T08:34:08","date_gmt":"2014-04-13T08:34:08","guid":{"rendered":"http:\/\/www.radim-stepanek.com\/?p=347"},"modified":"2014-04-13T08:37:18","modified_gmt":"2014-04-13T08:37:18","slug":"regiojet-v-otrokovicich","status":"publish","type":"post","link":"http:\/\/www.radim-stepanek.com\/?p=347","title":{"rendered":"Regiojet v Otrokovic\u00edch"},"content":{"rendered":"<p>Tento t\u00fdden podnikla \u010dty\u0159vozov\u00e1 souprava firmy Regiojet \u00a0veden\u00e1 strojem 162 &#8211; 119 &#8211; 2 zku\u0161ebn\u00ed j\u00edzdy do stanice Otrokovice. Ve fotogalerii naleznete n\u011bkolik sn\u00edmk\u016f z t\u011bchto j\u00edzd.<\/p>\n<p>[nggallery id=59]<\/p>\n","protected":false},"excerpt":{"rendered":"<p>Tento t\u00fdden podnikla \u010dty\u0159vozov\u00e1 souprava firmy Regiojet \u00a0veden\u00e1 strojem 162 &#8211; 119 &#8211; 2 zku\u0161ebn\u00ed j\u00edzdy do stanice Otrokovice. Ve fotogalerii naleznete n\u011bkolik sn\u00edmk\u016f z t\u011bchto j\u00edzd. [nggallery id=59]<\/p>\n","protected":false},"author":1,"featured_media":0,"comment_status":"open","ping_status":"open","sticky":false,"template":"","format":"standard","meta":[],"categories":[1],"tags":[],"_links":{"self":[{"href":"http:\/\/www.radim-stepanek.com\/index.php?rest_route=\/wp\/v2\/posts\/347"}],"collection":[{"href":"http:\/\/www.radim-stepanek.com\/index.php?rest_route=\/wp\/v2\/posts"}],"about":[{"href":"http:\/\/www.radim-stepanek.com\/index.php?rest_route=\/wp\/v2\/types\/post"}],"author":[{"embeddable":true,"href":"http:\/\/www.radim-stepanek.com\/index.php?rest_route=\/wp\/v2\/users\/1"}],"replies":[{"embeddable":true,"href":"http:\/\/www.radim-stepanek.com\/index.php?rest_route=%2Fwp%2Fv2%2Fcomments&post=347"}],"version-history":[{"count":2,"href":"http:\/\/www.radim-stepanek.com\/index.php?rest_route=\/wp\/v2\/posts\/347\/revisions"}],"predecessor-version":[{"id":349,"href":"http:\/\/www.radim-stepanek.com\/index.php?rest_route=\/wp\/v2\/posts\/347\/revisions\/349"}],"wp:attachment":[{"href":"http:\/\/www.radim-stepanek.com\/index.php?rest_route=%2Fwp%2Fv2%2Fmedia&parent=347"}],"wp:term":[{"taxonomy":"category","embeddable":true,"href":"http:\/\/www.radim-stepanek.com\/index.php?rest_route=%2Fwp%2Fv2%2Fcategories&post=347"},{"taxonomy":"post_tag","embeddable":true,"href":"http:\/\/www.radim-stepanek.com\/index.php?rest_route=%2Fwp%2Fv2%2Ftags&post=347"}],"curies":[{"name":"wp","href":"https:\/\/api.w.org\/{rel}","templated":true}]}}