{"id":382,"date":"2015-01-02T05:11:43","date_gmt":"2015-01-02T05:11:43","guid":{"rendered":"http:\/\/www.radim-stepanek.com\/?p=382"},"modified":"2015-01-02T05:13:01","modified_gmt":"2015-01-02T05:13:01","slug":"elektrizace-trati","status":"publish","type":"post","link":"http:\/\/www.radim-stepanek.com\/?p=382","title":{"rendered":"Elektrizace trati"},"content":{"rendered":"<p>T\u00e9matem tohoto p\u0159\u00edsp\u011bvku je elektizace hlavn\u00ed trati.<\/p>\n<p>K elektizaci jsem pou\u017eil tov\u00e1rn\u00edch v\u00fdrobk\u016f firmy Viessmann. Nejprve jsem rozebral sloupy a provedl jejich patinu n\u00e1st\u0159ikem barvou rez.<\/p>\n<p>Po zaschnut\u00ed byly ob\u011bt zkompletov\u00e1ny a osazeny do koleji\u0161t\u011b.<\/p>\n<p>Po zatvrdnut\u00ed betonu nastoupili dr\u00e1ten\u00edci a nat\u00e1hli trak\u010dn\u00ed veden\u00ed. Nejv\u00edc pr\u00e1ce jim dalo propojit trak\u010dn\u00ed veden\u00ed v tunelech s t\u00edmto nov\u011b budovan\u00fdm veden\u00edm.<\/p>\n<p>Po nich u\u017e jen zahradn\u00edci srovnali vykopanou zeminu kolem patek a zasadily tr\u00e1vu.<\/p>\n<p>Po s\u00e9rii pantografick\u00fdch zkou\u0161ek byl slavnostn\u011b zah\u00e1jen provoz elektrick\u00fdmi vozidly. Prvn\u00edm pravideln\u00fdm vlakem veden\u00fdm HV elekrick\u00e9 trakce byl vlak EC \u00a0 304 v \u010dele s lokomotivou 350 &#8211; 001 \u00a0&#8211; 4.<\/p>\n<p>&nbsp;<\/p>\n<p>Dr\u00e1ten\u00edc\u00ed se pot\u00e9 p\u0159esunuli na dal\u0161\u00ed \u00fasek trati, ale o tom a\u017e zase jindy.<\/p>\n<p>&nbsp;<\/p>\n<p>[nggallery id=63]<\/p>\n<p>&nbsp;<\/p>\n","protected":false},"excerpt":{"rendered":"<p>T\u00e9matem tohoto p\u0159\u00edsp\u011bvku je elektizace hlavn\u00ed trati. K elektizaci jsem pou\u017eil tov\u00e1rn\u00edch v\u00fdrobk\u016f firmy Viessmann. Nejprve jsem rozebral sloupy a provedl jejich patinu n\u00e1st\u0159ikem barvou rez. Po zaschnut\u00ed byly ob\u011bt zkompletov\u00e1ny a osazeny do koleji\u0161t\u011b. Po zatvrdnut\u00ed betonu nastoupili dr\u00e1ten\u00edci &hellip; <a href=\"http:\/\/www.radim-stepanek.com\/?p=382\">Continue reading <span class=\"meta-nav\">&rarr;<\/span><\/a><\/p>\n","protected":false},"author":1,"featured_media":0,"comment_status":"closed","ping_status":"closed","sticky":false,"template":"","format":"standard","meta":[],"categories":[1],"tags":[],"_links":{"self":[{"href":"http:\/\/www.radim-stepanek.com\/index.php?rest_route=\/wp\/v2\/posts\/382"}],"collection":[{"href":"http:\/\/www.radim-stepanek.com\/index.php?rest_route=\/wp\/v2\/posts"}],"about":[{"href":"http:\/\/www.radim-stepanek.com\/index.php?rest_route=\/wp\/v2\/types\/post"}],"author":[{"embeddable":true,"href":"http:\/\/www.radim-stepanek.com\/index.php?rest_route=\/wp\/v2\/users\/1"}],"replies":[{"embeddable":true,"href":"http:\/\/www.radim-stepanek.com\/index.php?rest_route=%2Fwp%2Fv2%2Fcomments&post=382"}],"version-history":[{"count":5,"href":"http:\/\/www.radim-stepanek.com\/index.php?rest_route=\/wp\/v2\/posts\/382\/revisions"}],"predecessor-version":[{"id":387,"href":"http:\/\/www.radim-stepanek.com\/index.php?rest_route=\/wp\/v2\/posts\/382\/revisions\/387"}],"wp:attachment":[{"href":"http:\/\/www.radim-stepanek.com\/index.php?rest_route=%2Fwp%2Fv2%2Fmedia&parent=382"}],"wp:term":[{"taxonomy":"category","embeddable":true,"href":"http:\/\/www.radim-stepanek.com\/index.php?rest_route=%2Fwp%2Fv2%2Fcategories&post=382"},{"taxonomy":"post_tag","embeddable":true,"href":"http:\/\/www.radim-stepanek.com\/index.php?rest_route=%2Fwp%2Fv2%2Ftags&post=382"}],"curies":[{"name":"wp","href":"https:\/\/api.w.org\/{rel}","templated":true}]}}