{"id":389,"date":"2015-05-24T09:24:28","date_gmt":"2015-05-24T09:24:28","guid":{"rendered":"http:\/\/www.radim-stepanek.com\/?p=389"},"modified":"2015-05-24T09:25:41","modified_gmt":"2015-05-24T09:25:41","slug":"novinky-5-2015","status":"publish","type":"post","link":"http:\/\/www.radim-stepanek.com\/?p=389","title":{"rendered":"Novinky 5 \/ 2015"},"content":{"rendered":"<p>Po \u010dase jsem tu op\u011bt s aktualizac\u00ed st\u00e1nek.<\/p>\n<p>Na koleji\u0161ti postoupily pr\u00e1ce na elektrizaci v dal\u0161\u00edm \u00faseku.<\/p>\n<p>Na \u0161ir\u00e9 trati byly op\u011bt pou\u017eity tov\u00e1rn\u00ed sloupy, tentokr\u00e1t v\u0161ak p\u0159est\u0159\u00edkan\u00e9 do st\u0159\u00edbrn\u00e9 barvy. Tak\u00e9 byly pou\u017eity sloupy vlastn\u00ed v\u00fdroby,kter\u00e9 maj\u00ed svou p\u0159edlohu na s\u00edti S\u017dDC. V prostoru zast\u00e1vky na \u0161ir\u00e9 trati na\u0161ly poprv\u00e9 uplatn\u011bn\u00ed tak\u00e9 br\u00e1ny se z\u00e1v\u011bsy. V\u0161e je zdokumenov\u00e1no na fotografi\u00edch. N\u011bkdy p\u0159\u00ed\u0161t\u011b bude dal\u0161\u00ed aktualizace na t\u00e9ma elektrizace stanice Otrokovice.<\/p>\n<p>&nbsp;<\/p>\n<p>[nggallery id=64]<\/p>\n","protected":false},"excerpt":{"rendered":"<p>Po \u010dase jsem tu op\u011bt s aktualizac\u00ed st\u00e1nek. Na koleji\u0161ti postoupily pr\u00e1ce na elektrizaci v dal\u0161\u00edm \u00faseku. Na \u0161ir\u00e9 trati byly op\u011bt pou\u017eity tov\u00e1rn\u00ed sloupy, tentokr\u00e1t v\u0161ak p\u0159est\u0159\u00edkan\u00e9 do st\u0159\u00edbrn\u00e9 barvy. Tak\u00e9 byly pou\u017eity sloupy vlastn\u00ed v\u00fdroby,kter\u00e9 maj\u00ed svou p\u0159edlohu &hellip; <a href=\"http:\/\/www.radim-stepanek.com\/?p=389\">Continue reading <span class=\"meta-nav\">&rarr;<\/span><\/a><\/p>\n","protected":false},"author":1,"featured_media":0,"comment_status":"open","ping_status":"open","sticky":false,"template":"","format":"standard","meta":[],"categories":[1],"tags":[],"_links":{"self":[{"href":"http:\/\/www.radim-stepanek.com\/index.php?rest_route=\/wp\/v2\/posts\/389"}],"collection":[{"href":"http:\/\/www.radim-stepanek.com\/index.php?rest_route=\/wp\/v2\/posts"}],"about":[{"href":"http:\/\/www.radim-stepanek.com\/index.php?rest_route=\/wp\/v2\/types\/post"}],"author":[{"embeddable":true,"href":"http:\/\/www.radim-stepanek.com\/index.php?rest_route=\/wp\/v2\/users\/1"}],"replies":[{"embeddable":true,"href":"http:\/\/www.radim-stepanek.com\/index.php?rest_route=%2Fwp%2Fv2%2Fcomments&post=389"}],"version-history":[{"count":3,"href":"http:\/\/www.radim-stepanek.com\/index.php?rest_route=\/wp\/v2\/posts\/389\/revisions"}],"predecessor-version":[{"id":392,"href":"http:\/\/www.radim-stepanek.com\/index.php?rest_route=\/wp\/v2\/posts\/389\/revisions\/392"}],"wp:attachment":[{"href":"http:\/\/www.radim-stepanek.com\/index.php?rest_route=%2Fwp%2Fv2%2Fmedia&parent=389"}],"wp:term":[{"taxonomy":"category","embeddable":true,"href":"http:\/\/www.radim-stepanek.com\/index.php?rest_route=%2Fwp%2Fv2%2Fcategories&post=389"},{"taxonomy":"post_tag","embeddable":true,"href":"http:\/\/www.radim-stepanek.com\/index.php?rest_route=%2Fwp%2Fv2%2Ftags&post=389"}],"curies":[{"name":"wp","href":"https:\/\/api.w.org\/{rel}","templated":true}]}}