{"id":434,"date":"2016-07-21T04:13:14","date_gmt":"2016-07-21T04:13:14","guid":{"rendered":"http:\/\/www.radim-stepanek.com\/?p=434"},"modified":"2016-07-21T04:18:26","modified_gmt":"2016-07-21T04:18:26","slug":"aktuality-72016","status":"publish","type":"post","link":"http:\/\/www.radim-stepanek.com\/?p=434","title":{"rendered":"Aktuality 7\/2016"},"content":{"rendered":"<p>Pr\u00e1ce na koleji\u0161ti postoupili a tak je \u010das na kr\u00e1tkou aktualizaci.<\/p>\n<p style=\"text-align: left;\">Poda\u0159ilo se mi dokon\u010dit elektrizaci hlavn\u00ed dvojkolejn\u00e9 trati v cel\u00e9 jej\u00ed d\u00e9lce, u\u017e chyb\u00ed jen dokon\u010dit &#8220;zadr\u00e1tov\u00e1n\u00ed&#8221; stanice Otrokovice. Tra\u0165 je sj\u00edzdn\u00e1 i se sb\u011bra\u010dem lokomotivy naho\u0159e, ve skryt\u00fdch \u010d\u00e1stech je sb\u011bra\u010d pomoc\u00ed vytvarovan\u00e9ho vodi\u010de vyveden do nejvy\u0161\u0161\u00ed polohy, skryt\u00e9 \u010d\u00e1sti nejsou zatrolejov\u00e1ny, a\u017e na spir\u00e1lu v lev\u00e9 \u010d\u00e1sti koleji\u0161t\u011b. Zde je kv\u016fli n\u00edzk\u00e9 v\u00fd\u0161ce mezi jednotliv\u00fdmi &#8220;patry&#8221; trolej nata\u017eena. P\u0159i v\u00fdjezdu z &#8220;nezadr\u00e1tovan\u00fdch&#8221; \u010d\u00e1st\u00ed je sb\u011bra\u010d op\u011bt pomoc\u00ed vytvarovan\u00e9ho vodi\u010de naveden pod trolej.<\/p>\n<p style=\"text-align: left;\">Ve stanici Otokovice jsou zabetonov\u00e1ny v\u0161echny sloupy, osazeny br\u00e1ny TV, n\u011bkde jsou provedeny i op\u011brn\u00e9 zdi za sloupy, kter\u00e9 jsou za\u0159ez\u00e1ny do ter\u00e9nu. V \u010d\u00e1sti stanice jsou na trolejov\u00fdch bran\u00e1ch namontov\u00e1ny v\u00fdlo\u017en\u00edky pro uchycen\u00ed troleje. U\u017e mi jich chyb\u00ed vyrobit jen 100 ks \ud83d\ude42 a budou na celou stanici. Jak budou p\u0159ib\u00fdvat bude prob\u00edhat jejich osazov\u00e1n\u00ed na br\u00e1ny a tak\u00e9 mont\u00e1\u017e trolej\u00ed ve stanici. P\u00e1r fotek \u00a0s aktu\u00e1ln\u00edm stavem je ve fotogalerii.<\/p>\n<p style=\"text-align: left;\">[nggallery id=70]<\/p>\n","protected":false},"excerpt":{"rendered":"<p>Pr\u00e1ce na koleji\u0161ti postoupili a tak je \u010das na kr\u00e1tkou aktualizaci. Poda\u0159ilo se mi dokon\u010dit elektrizaci hlavn\u00ed dvojkolejn\u00e9 trati v cel\u00e9 jej\u00ed d\u00e9lce, u\u017e chyb\u00ed jen dokon\u010dit &#8220;zadr\u00e1tov\u00e1n\u00ed&#8221; stanice Otrokovice. Tra\u0165 je sj\u00edzdn\u00e1 i se sb\u011bra\u010dem lokomotivy naho\u0159e, ve skryt\u00fdch &hellip; <a href=\"http:\/\/www.radim-stepanek.com\/?p=434\">Continue reading <span class=\"meta-nav\">&rarr;<\/span><\/a><\/p>\n","protected":false},"author":1,"featured_media":0,"comment_status":"open","ping_status":"open","sticky":false,"template":"","format":"standard","meta":[],"categories":[1],"tags":[],"_links":{"self":[{"href":"http:\/\/www.radim-stepanek.com\/index.php?rest_route=\/wp\/v2\/posts\/434"}],"collection":[{"href":"http:\/\/www.radim-stepanek.com\/index.php?rest_route=\/wp\/v2\/posts"}],"about":[{"href":"http:\/\/www.radim-stepanek.com\/index.php?rest_route=\/wp\/v2\/types\/post"}],"author":[{"embeddable":true,"href":"http:\/\/www.radim-stepanek.com\/index.php?rest_route=\/wp\/v2\/users\/1"}],"replies":[{"embeddable":true,"href":"http:\/\/www.radim-stepanek.com\/index.php?rest_route=%2Fwp%2Fv2%2Fcomments&post=434"}],"version-history":[{"count":4,"href":"http:\/\/www.radim-stepanek.com\/index.php?rest_route=\/wp\/v2\/posts\/434\/revisions"}],"predecessor-version":[{"id":438,"href":"http:\/\/www.radim-stepanek.com\/index.php?rest_route=\/wp\/v2\/posts\/434\/revisions\/438"}],"wp:attachment":[{"href":"http:\/\/www.radim-stepanek.com\/index.php?rest_route=%2Fwp%2Fv2%2Fmedia&parent=434"}],"wp:term":[{"taxonomy":"category","embeddable":true,"href":"http:\/\/www.radim-stepanek.com\/index.php?rest_route=%2Fwp%2Fv2%2Fcategories&post=434"},{"taxonomy":"post_tag","embeddable":true,"href":"http:\/\/www.radim-stepanek.com\/index.php?rest_route=%2Fwp%2Fv2%2Ftags&post=434"}],"curies":[{"name":"wp","href":"https:\/\/api.w.org\/{rel}","templated":true}]}}