{"id":61,"date":"2009-02-07T16:38:29","date_gmt":"2009-02-07T16:38:29","guid":{"rendered":""},"modified":"2012-05-04T18:11:03","modified_gmt":"2012-05-04T18:11:03","slug":"781-600-2","status":"publish","type":"post","link":"http:\/\/www.radim-stepanek.com\/?p=61","title":{"rendered":"781 &#8211; 600 &#8211; 2"},"content":{"rendered":"<p class=\"MsoNormal\" style=\"margin: 0cm 0cm 10pt;\"><span style=\"font-size: small;\"><span style=\"color: #000000;\"><span style=\"font-family: Calibri;\">Provedl jsem \u201eprovozn\u00ed\u201c opot\u0159eben\u00ed sergeje 781-600-2 <span>G\u00fctzold <\/span><span>\u00a0<\/span><\/span><\/span><\/span><\/p>\n<p class=\"MsoNormal\" style=\"margin: 0cm 0cm 10pt;\"><span style=\"font-size: small; color: #000000; font-family: Calibri;\">Model jsem rozebral, vysklil, odmontoval masky podvozk\u016f a pot\u00e9 provedl patinu. Po zaschnut\u00ed byly jednotliv\u00e9 d\u00edly p\u0159est\u0159\u00edknuty bezbarv\u00fdm matn\u00fdm lakem a model sestaven dohromady.<\/span><\/p>\n<p class=\"MsoNormal\" style=\"margin: 0cm 0cm 10pt;\"><span style=\"font-size: small; color: #000000; font-family: Calibri;\">Ve fotogalerii najdete p\u00e1r obr\u00e1zk\u016f tohoto modelu.<\/span><\/p>\n<p class=\"MsoNormal\" style=\"margin: 0cm 0cm 10pt;\"><span style=\"font-size: small; color: #000000; font-family: Calibri;\">Radim <\/span><\/p>\n<p class=\"MsoNormal\" style=\"margin: 0cm 0cm 10pt;\"><span style=\"font-size: small; color: #000000; font-family: Calibri;\">[nggallery id=20]<\/span><\/p>\n","protected":false},"excerpt":{"rendered":"<p style=\"margin: 0cm 0cm 10pt\" class=\"MsoNormal\">\n<span style=\"font-size: small\"><span style=\"color: #000000\"><span style=\"font-family: Calibri\">Provedl jsem \u201eprovozn\u00ed\u201c opot\u0159eben\u00ed sergeje 781-600-2 <span>G\u00fctzold <\/span><span>\u00a0<\/span><\/span><\/span><\/span>\n<\/p>\n<p style=\"margin: 0cm 0cm 10pt\" class=\"MsoNormal\">\n<span style=\"font-size: small; color: #000000; font-family: Calibri\">Model jsem rozebral, vysklil, odmontoval masky podvozk\u016f a pot\u00e9 provedl patinu. Po zaschnut\u00ed byly jednotliv\u00e9 d\u00edly p\u0159est\u0159\u00edknuty bezbarv\u00fdm matn\u00fdm lakem a model sestaven dohromady.<\/span>\n<\/p>\n<p> <a href=\"http:\/\/www.radim-stepanek.com\/?p=61\">Continue reading <span class=\"meta-nav\">&rarr;<\/span><\/a><\/p>\n","protected":false},"author":1,"featured_media":0,"comment_status":"open","ping_status":"open","sticky":false,"template":"","format":"standard","meta":[],"categories":[1],"tags":[],"_links":{"self":[{"href":"http:\/\/www.radim-stepanek.com\/index.php?rest_route=\/wp\/v2\/posts\/61"}],"collection":[{"href":"http:\/\/www.radim-stepanek.com\/index.php?rest_route=\/wp\/v2\/posts"}],"about":[{"href":"http:\/\/www.radim-stepanek.com\/index.php?rest_route=\/wp\/v2\/types\/post"}],"author":[{"embeddable":true,"href":"http:\/\/www.radim-stepanek.com\/index.php?rest_route=\/wp\/v2\/users\/1"}],"replies":[{"embeddable":true,"href":"http:\/\/www.radim-stepanek.com\/index.php?rest_route=%2Fwp%2Fv2%2Fcomments&post=61"}],"version-history":[{"count":1,"href":"http:\/\/www.radim-stepanek.com\/index.php?rest_route=\/wp\/v2\/posts\/61\/revisions"}],"predecessor-version":[{"id":204,"href":"http:\/\/www.radim-stepanek.com\/index.php?rest_route=\/wp\/v2\/posts\/61\/revisions\/204"}],"wp:attachment":[{"href":"http:\/\/www.radim-stepanek.com\/index.php?rest_route=%2Fwp%2Fv2%2Fmedia&parent=61"}],"wp:term":[{"taxonomy":"category","embeddable":true,"href":"http:\/\/www.radim-stepanek.com\/index.php?rest_route=%2Fwp%2Fv2%2Fcategories&post=61"},{"taxonomy":"post_tag","embeddable":true,"href":"http:\/\/www.radim-stepanek.com\/index.php?rest_route=%2Fwp%2Fv2%2Ftags&post=61"}],"curies":[{"name":"wp","href":"https:\/\/api.w.org\/{rel}","templated":true}]}}