{"id":714,"date":"2019-07-26T18:11:57","date_gmt":"2019-07-26T18:11:57","guid":{"rendered":"http:\/\/www.radim-stepanek.com\/?p=714"},"modified":"2019-07-26T18:23:13","modified_gmt":"2019-07-26T18:23:13","slug":"co-se-neveslo-do-zeleznicniho-magazinu-6-2019","status":"publish","type":"post","link":"http:\/\/www.radim-stepanek.com\/?p=714","title":{"rendered":"Co se neve\u0161lo do \u017delezni\u010dn\u00edho magaz\u00ednu 6\/2019"},"content":{"rendered":"\n<p>V \u017eelezni\u010dn\u00edm magaz\u00ednu \u010d.6\/2019 jste mohli nal\u00e9zt rozs\u00e1hl\u00fd \u010dl\u00e1nek a spoustu fotografi\u00ed o m\u00e9m koleji\u0161ti.<\/p>\n\n\n\n<p>Fotek vytvo\u0159il team \u017delezni\u010dn\u00edho magaz\u00ednu mohem v\u00edce, ne\u017e se ve\u0161lo na jeho str\u00e1nky.  Se svolen\u00edm redakce v tomto p\u0159\u00edsp\u011bvku zve\u0159ej\u0148uji n\u011bkolik dal\u0161\u00edch v \u010dasopise nepublikovan\u00fdch fotografi\u00ed.<\/p>\n\n\n<p>[nggallery id=78]<\/p>\n\n\n\n<p><\/p>\n\n\n\n<p><\/p>\n","protected":false},"excerpt":{"rendered":"<p>V \u017eelezni\u010dn\u00edm magaz\u00ednu \u010d.6\/2019 jste mohli nal\u00e9zt rozs\u00e1hl\u00fd \u010dl\u00e1nek a spoustu fotografi\u00ed o m\u00e9m koleji\u0161ti. Fotek vytvo\u0159il team \u017delezni\u010dn\u00edho magaz\u00ednu mohem v\u00edce, ne\u017e se ve\u0161lo na jeho str\u00e1nky. Se svolen\u00edm redakce v tomto p\u0159\u00edsp\u011bvku zve\u0159ej\u0148uji n\u011bkolik dal\u0161\u00edch v \u010dasopise nepublikovan\u00fdch &hellip; <a href=\"http:\/\/www.radim-stepanek.com\/?p=714\">Continue reading <span class=\"meta-nav\">&rarr;<\/span><\/a><\/p>\n","protected":false},"author":2,"featured_media":0,"comment_status":"closed","ping_status":"closed","sticky":false,"template":"","format":"standard","meta":[],"categories":[1],"tags":[],"_links":{"self":[{"href":"http:\/\/www.radim-stepanek.com\/index.php?rest_route=\/wp\/v2\/posts\/714"}],"collection":[{"href":"http:\/\/www.radim-stepanek.com\/index.php?rest_route=\/wp\/v2\/posts"}],"about":[{"href":"http:\/\/www.radim-stepanek.com\/index.php?rest_route=\/wp\/v2\/types\/post"}],"author":[{"embeddable":true,"href":"http:\/\/www.radim-stepanek.com\/index.php?rest_route=\/wp\/v2\/users\/2"}],"replies":[{"embeddable":true,"href":"http:\/\/www.radim-stepanek.com\/index.php?rest_route=%2Fwp%2Fv2%2Fcomments&post=714"}],"version-history":[{"count":4,"href":"http:\/\/www.radim-stepanek.com\/index.php?rest_route=\/wp\/v2\/posts\/714\/revisions"}],"predecessor-version":[{"id":724,"href":"http:\/\/www.radim-stepanek.com\/index.php?rest_route=\/wp\/v2\/posts\/714\/revisions\/724"}],"wp:attachment":[{"href":"http:\/\/www.radim-stepanek.com\/index.php?rest_route=%2Fwp%2Fv2%2Fmedia&parent=714"}],"wp:term":[{"taxonomy":"category","embeddable":true,"href":"http:\/\/www.radim-stepanek.com\/index.php?rest_route=%2Fwp%2Fv2%2Fcategories&post=714"},{"taxonomy":"post_tag","embeddable":true,"href":"http:\/\/www.radim-stepanek.com\/index.php?rest_route=%2Fwp%2Fv2%2Ftags&post=714"}],"curies":[{"name":"wp","href":"https:\/\/api.w.org\/{rel}","templated":true}]}}