{"id":750,"date":"2019-12-26T07:44:17","date_gmt":"2019-12-26T07:44:17","guid":{"rendered":"http:\/\/www.radim-stepanek.com\/?p=750"},"modified":"2019-12-26T08:30:27","modified_gmt":"2019-12-26T08:30:27","slug":"naklad-uhli-do-kontejneru-innofreight","status":"publish","type":"post","link":"http:\/\/www.radim-stepanek.com\/?p=750","title":{"rendered":"N\u00e1klad uhl\u00ed do kontejner\u016f  Innofreight"},"content":{"rendered":"\n\n\n<p>V tohoto p\u0159\u00edsp\u011bvku popisuji v\u00fdrobu n\u00e1kladu uhl\u00ed&nbsp;do kontejner\u016f&nbsp;Innofreight. Uhl\u00ed&nbsp;jsem pou\u017eil od v\u00fdrobce Woodland Scenics, velikost B92. Nejd\u0159\u00edve jsem z polystyren\u016f&nbsp;vyrobil obd\u00e9ln\u00edkovou kostku, kter\u00e1&nbsp;p\u0159esn\u011b&nbsp;zapadla do kontejneru. Abych nespot\u0159eboval p\u0159\u00edli\u0161&nbsp;mnoho uhl\u00ed&nbsp;a n\u00e1klad moc nev\u00e1\u017eil,&nbsp;podlo\u017eil jsem polystyr\u00e9novou&nbsp;kostku kousky balzy, tak aby byla cca. 2 mm pod hranou kontejneru. N\u00e1sledn\u011b&nbsp;jsem kontejner&nbsp;vystlal&nbsp;igelitov\u00fdm&nbsp;s\u00e1\u010dkem&nbsp;a&nbsp;vlo\u017eil&nbsp;v\u00fd\u0161e zm\u00edn\u011bnou kostku. Po nasyp\u00e1n\u00ed&nbsp;uhl\u00ed&nbsp;a&nbsp;zvlh\u010den\u00ed&nbsp;sm\u011bs\u00ed&nbsp;vody s jarem jsem n\u00e1klad prolil z\u0159ed\u011bn\u00fdm lepidlem Herkules. Jeden den n\u00e1klad zasychal na topen\u00ed.&nbsp;N\u00e1sledn\u011b&nbsp;jsem opatrn\u011b&nbsp;igelitov\u00fd&nbsp;s\u00e1\u010dek&nbsp;s&nbsp;n\u00e1kladem&nbsp;vyt\u00e1hl&nbsp;a&nbsp;&nbsp;odlepil&nbsp;&nbsp;od kostky.&nbsp;&nbsp;Ostr\u00fdm no\u017eem odstranil p\u0159etoky lepidla a uhl\u00ed ze stran kostky&nbsp;a bylo hotovo. Postup v\u010detn\u011b&nbsp;fotodokumentace naleznete v galerii pod&nbsp;\u010dl\u00e1nkem.<\/p>\n\n\n\n<p>[nggallery id=79]<br><\/p>\n","protected":false},"excerpt":{"rendered":"<p>V tohoto p\u0159\u00edsp\u011bvku popisuji v\u00fdrobu n\u00e1kladu uhl\u00ed&nbsp;do kontejner\u016f&nbsp;Innofreight. Uhl\u00ed&nbsp;jsem pou\u017eil od v\u00fdrobce Woodland Scenics, velikost B92. Nejd\u0159\u00edve jsem z polystyren\u016f&nbsp;vyrobil obd\u00e9ln\u00edkovou kostku, kter\u00e1&nbsp;p\u0159esn\u011b&nbsp;zapadla do kontejneru. Abych nespot\u0159eboval p\u0159\u00edli\u0161&nbsp;mnoho uhl\u00ed&nbsp;a n\u00e1klad moc nev\u00e1\u017eil,&nbsp;podlo\u017eil jsem polystyr\u00e9novou&nbsp;kostku kousky balzy, tak aby byla cca. &hellip; <a href=\"http:\/\/www.radim-stepanek.com\/?p=750\">Continue reading <span class=\"meta-nav\">&rarr;<\/span><\/a><\/p>\n","protected":false},"author":2,"featured_media":0,"comment_status":"closed","ping_status":"closed","sticky":false,"template":"","format":"standard","meta":[],"categories":[1],"tags":[],"_links":{"self":[{"href":"http:\/\/www.radim-stepanek.com\/index.php?rest_route=\/wp\/v2\/posts\/750"}],"collection":[{"href":"http:\/\/www.radim-stepanek.com\/index.php?rest_route=\/wp\/v2\/posts"}],"about":[{"href":"http:\/\/www.radim-stepanek.com\/index.php?rest_route=\/wp\/v2\/types\/post"}],"author":[{"embeddable":true,"href":"http:\/\/www.radim-stepanek.com\/index.php?rest_route=\/wp\/v2\/users\/2"}],"replies":[{"embeddable":true,"href":"http:\/\/www.radim-stepanek.com\/index.php?rest_route=%2Fwp%2Fv2%2Fcomments&post=750"}],"version-history":[{"count":4,"href":"http:\/\/www.radim-stepanek.com\/index.php?rest_route=\/wp\/v2\/posts\/750\/revisions"}],"predecessor-version":[{"id":759,"href":"http:\/\/www.radim-stepanek.com\/index.php?rest_route=\/wp\/v2\/posts\/750\/revisions\/759"}],"wp:attachment":[{"href":"http:\/\/www.radim-stepanek.com\/index.php?rest_route=%2Fwp%2Fv2%2Fmedia&parent=750"}],"wp:term":[{"taxonomy":"category","embeddable":true,"href":"http:\/\/www.radim-stepanek.com\/index.php?rest_route=%2Fwp%2Fv2%2Fcategories&post=750"},{"taxonomy":"post_tag","embeddable":true,"href":"http:\/\/www.radim-stepanek.com\/index.php?rest_route=%2Fwp%2Fv2%2Ftags&post=750"}],"curies":[{"name":"wp","href":"https:\/\/api.w.org\/{rel}","templated":true}]}}