{"id":887,"date":"2021-01-24T17:37:53","date_gmt":"2021-01-24T17:37:53","guid":{"rendered":"http:\/\/www.radim-stepanek.com\/?p=887"},"modified":"2021-01-24T18:05:25","modified_gmt":"2021-01-24T18:05:25","slug":"foceni-pro-zm","status":"publish","type":"post","link":"http:\/\/www.radim-stepanek.com\/?p=887","title":{"rendered":"Focen\u00ed pro \u017dM 12\/2020 a 1\/2021"},"content":{"rendered":"\n<p> ned\u00e1vno prob\u011bhlo na koleji\u0161ti focen\u00ed nov\u00fdch model\u016f vozidel pro \u017dM <\/p>\n\n\n\n<p>V galerii je p\u00e1r fotografi\u00ed, n\u011bkter\u00e9 z nich ji\u017e byly uve\u0159ejn\u011bny v minul\u00fdch \u010d\u00edslech,  n\u011bkter\u00e9 teprve budou uve\u0159ejn\u011bny v n\u00e1sleduj\u00edc\u00edch \u010d\u00edslech tohoto magaz\u00ednu.<\/p>\n\n\n\n<p>[nggallery id=82]<\/p>\n\n\n\n<p><\/p>\n\n\n\n<p><br><\/p>\n","protected":false},"excerpt":{"rendered":"<p>ned\u00e1vno prob\u011bhlo na koleji\u0161ti focen\u00ed nov\u00fdch model\u016f vozidel pro \u017dM V galerii je p\u00e1r fotografi\u00ed, n\u011bkter\u00e9 z nich ji\u017e byly uve\u0159ejn\u011bny v minul\u00fdch \u010d\u00edslech, n\u011bkter\u00e9 teprve budou uve\u0159ejn\u011bny v n\u00e1sleduj\u00edc\u00edch \u010d\u00edslech tohoto magaz\u00ednu. [nggallery id=82]<\/p>\n","protected":false},"author":2,"featured_media":0,"comment_status":"closed","ping_status":"closed","sticky":false,"template":"","format":"standard","meta":[],"categories":[1],"tags":[],"_links":{"self":[{"href":"http:\/\/www.radim-stepanek.com\/index.php?rest_route=\/wp\/v2\/posts\/887"}],"collection":[{"href":"http:\/\/www.radim-stepanek.com\/index.php?rest_route=\/wp\/v2\/posts"}],"about":[{"href":"http:\/\/www.radim-stepanek.com\/index.php?rest_route=\/wp\/v2\/types\/post"}],"author":[{"embeddable":true,"href":"http:\/\/www.radim-stepanek.com\/index.php?rest_route=\/wp\/v2\/users\/2"}],"replies":[{"embeddable":true,"href":"http:\/\/www.radim-stepanek.com\/index.php?rest_route=%2Fwp%2Fv2%2Fcomments&post=887"}],"version-history":[{"count":8,"href":"http:\/\/www.radim-stepanek.com\/index.php?rest_route=\/wp\/v2\/posts\/887\/revisions"}],"predecessor-version":[{"id":936,"href":"http:\/\/www.radim-stepanek.com\/index.php?rest_route=\/wp\/v2\/posts\/887\/revisions\/936"}],"wp:attachment":[{"href":"http:\/\/www.radim-stepanek.com\/index.php?rest_route=%2Fwp%2Fv2%2Fmedia&parent=887"}],"wp:term":[{"taxonomy":"category","embeddable":true,"href":"http:\/\/www.radim-stepanek.com\/index.php?rest_route=%2Fwp%2Fv2%2Fcategories&post=887"},{"taxonomy":"post_tag","embeddable":true,"href":"http:\/\/www.radim-stepanek.com\/index.php?rest_route=%2Fwp%2Fv2%2Ftags&post=887"}],"curies":[{"name":"wp","href":"https:\/\/api.w.org\/{rel}","templated":true}]}}