{"id":981,"date":"2021-02-20T17:16:16","date_gmt":"2021-02-20T17:16:16","guid":{"rendered":"http:\/\/www.radim-stepanek.com\/?p=981"},"modified":"2021-02-21T06:45:05","modified_gmt":"2021-02-21T06:45:05","slug":"smycka-vizovice-ii-cast","status":"publish","type":"post","link":"http:\/\/www.radim-stepanek.com\/?p=981","title":{"rendered":"Smy\u010dka Vizovice II. \u010d\u00e1st"},"content":{"rendered":"\n<p>Tento p\u0159\u00edsp\u011bvek navazuje na p\u0159ede\u0161lou I.\u010d\u00e1st o vybudov\u00e1n\u00ed smy\u010dky Vizovice. Naproti nov\u00e9 odbo\u010dky byla tak\u00e9 odstran\u011bna \u010d\u00e1st  kopce a vzniklo tak m\u00edsto pro str\u00e1\u017en\u00ed domek t\u00e9to odbo\u010dky. Po odstran\u011bn\u00ed kopce byla kv\u016fli hlubok\u00e9mu z\u00e1\u0159ezu v kopci vybudov\u00e1na op\u011brn\u00e1 st\u011bna. Se st\u011bnou jsem si vyhr\u00e1l, m\u00e1 zn\u00e1zorn\u011bn\u00e9 zdivo i na \u010delech a cel\u00e1 ze\u010f je osazena kryc\u00ed \u010depic\u00ed.Pozd\u011bji op\u011brnou st\u011bnu stejn\u011b jako str\u00e1\u017en\u00ed domek lehce napatinuji  a op\u011brka bude \u010d\u00e1ste\u010dn\u011b zarosten\u00e1 v zelen\u00ed. Ze stejn\u00e9ho materi\u00e1lu jako je op\u011brn\u00e1 st\u011bna byla vytvo\u0159ena i op\u011brn\u00e1 z\u00eddka, aby domek nebyl utopen v\u016f\u010di kolej\u00edm. Na z\u00eddce je um\u00edst\u011bna plastov\u00e1 deska, kter\u00e1 tak tvo\u0159\u00ed plo\u0161inu pro osazen\u00ed str\u00e1\u017en\u00edho domku.<\/p>\n\n\n\n<p>P\u00e1r fotek z t\u00e9to \u010d\u00e1sti je op\u011bt v galerii.<\/p>\n\n\n\n<p><\/p>\n\n\n\n<p>[nggallery id=84]<\/p>\n","protected":false},"excerpt":{"rendered":"<p>Tento p\u0159\u00edsp\u011bvek navazuje na p\u0159ede\u0161lou I.\u010d\u00e1st o vybudov\u00e1n\u00ed smy\u010dky Vizovice. Naproti nov\u00e9 odbo\u010dky byla tak\u00e9 odstran\u011bna \u010d\u00e1st kopce a vzniklo tak m\u00edsto pro str\u00e1\u017en\u00ed domek t\u00e9to odbo\u010dky. Po odstran\u011bn\u00ed kopce byla kv\u016fli hlubok\u00e9mu z\u00e1\u0159ezu v kopci vybudov\u00e1na op\u011brn\u00e1 st\u011bna. Se &hellip; <a href=\"http:\/\/www.radim-stepanek.com\/?p=981\">Continue reading <span class=\"meta-nav\">&rarr;<\/span><\/a><\/p>\n","protected":false},"author":2,"featured_media":0,"comment_status":"closed","ping_status":"closed","sticky":false,"template":"","format":"standard","meta":[],"categories":[1],"tags":[],"_links":{"self":[{"href":"http:\/\/www.radim-stepanek.com\/index.php?rest_route=\/wp\/v2\/posts\/981"}],"collection":[{"href":"http:\/\/www.radim-stepanek.com\/index.php?rest_route=\/wp\/v2\/posts"}],"about":[{"href":"http:\/\/www.radim-stepanek.com\/index.php?rest_route=\/wp\/v2\/types\/post"}],"author":[{"embeddable":true,"href":"http:\/\/www.radim-stepanek.com\/index.php?rest_route=\/wp\/v2\/users\/2"}],"replies":[{"embeddable":true,"href":"http:\/\/www.radim-stepanek.com\/index.php?rest_route=%2Fwp%2Fv2%2Fcomments&post=981"}],"version-history":[{"count":9,"href":"http:\/\/www.radim-stepanek.com\/index.php?rest_route=\/wp\/v2\/posts\/981\/revisions"}],"predecessor-version":[{"id":1002,"href":"http:\/\/www.radim-stepanek.com\/index.php?rest_route=\/wp\/v2\/posts\/981\/revisions\/1002"}],"wp:attachment":[{"href":"http:\/\/www.radim-stepanek.com\/index.php?rest_route=%2Fwp%2Fv2%2Fmedia&parent=981"}],"wp:term":[{"taxonomy":"category","embeddable":true,"href":"http:\/\/www.radim-stepanek.com\/index.php?rest_route=%2Fwp%2Fv2%2Fcategories&post=981"},{"taxonomy":"post_tag","embeddable":true,"href":"http:\/\/www.radim-stepanek.com\/index.php?rest_route=%2Fwp%2Fv2%2Ftags&post=981"}],"curies":[{"name":"wp","href":"https:\/\/api.w.org\/{rel}","templated":true}]}}